{"id":12825,"date":"2023-08-08T15:09:38","date_gmt":"2023-08-08T18:09:38","guid":{"rendered":"https:\/\/chicasentecnologia.org\/?p=12825"},"modified":"2023-08-08T15:09:38","modified_gmt":"2023-08-08T18:09:38","slug":"a-meeting-to-discuss-the-development-of-ia-and-its-impact-on-the-world-of-work","status":"publish","type":"post","link":"https:\/\/chicasentecnologia.org\/en\/2023\/08\/08\/a-meeting-to-discuss-the-development-of-ia-and-its-impact-on-the-world-of-work\/","title":{"rendered":"A meeting to discuss the development of AI and its impact on the world of work"},"content":{"rendered":"<p><a href=\"https:\/\/chicasentecnologia.org\/en\/\" target=\"_blank\" rel=\"noopener\">Girls in Technology (CET)<\/a> organized a <a href=\"https:\/\/www.linkedin.com\/posts\/chicasentecnologia_embajadorascet-activity-7092971485874577408-spsd?utm_source=share&amp;utm_medium=member_desktop\" target=\"_blank\" rel=\"noopener\">day<\/a> to discuss the challenges and opportunities that Artificial Intelligence represents in the world of work and how it impacts the gender gap in STEM disciplines. The objective was to foster the exchange of ideas and promote concrete actions so that the development of AI generates new possibilities for labor inclusion.<\/p>\n<p>The event was held at \u00c1reaTres and brought together ambassadors of the Chicas en Tecnolog\u00eda programs, representatives of the education sector, the private and public sectors, journalists and civil society organizations.<\/p>\n<p>&#8220;<em>In recent months, conversations about the development of artificial intelligence have accelerated, generating growing uncertainty among both young people and our allies about how new developments will impact the professional insertion of future generations and current generations. On the one hand, artificial intelligence brings with it new opportunities and invites the creation of innovative developments. On the other hand, it challenges us to collectively reflect on how to ensure that these technologies do not increase existing stereotypes and gaps, but rather that they become a tool that promotes the real inclusion of women in all their diversity in technological environments.<\/em>\u201c, he said <a href=\"https:\/\/chicasentecnologia.org\/en\/speaker\/paula-coto\/\" target=\"_blank\" rel=\"noopener\">Paula Coto, Executive Director, Chicas en Tecnolog\u00eda<\/a>.<\/p>\n<p>The Meeting with the Ecosystem included a panel discussion with the participation of Mart\u00edn Mart\u00edn Sciarrillo, Director of Data and Artificial Intelligence at Microsoft Spanish South America (SSA), and Vanesa Cillo, Sr Director of Engineering at Salesforce. The people who participated in the event had an opportunity to ask questions and exchange comments and proposals with the speakers.<\/p>\n<p>\u201c<em>We pretend that the very algorithms created by mankind are unbiased when mankind is full of biases; we pretend that they are free of discrimination when mankind is full of discrimination. The issue is how we do things as a society, the technology is going to accompany<\/em>\u201d, were the words of Martin Sciarrillo during the panel.<\/p>\n<p>\u201c<em>Artificial Intelligence can narrow the gender gap with the interpretation of natural language, allowing the incorporation of knowledge without knowing how to read or write. But if you don't have internet connection or access to a computer, then there is no need to talk about artificial intelligence.<\/em>\u201d, said Vanesa Cillo.<\/p>\n<p>In addition, a networking space was held in which, in interdisciplinary groups, lines of action were established to help transform the technological field into an inclusive and diverse space where women can lead digital innovation processes.<\/p>\n<p>Chicas en Tecnolog\u00eda aims to reduce the gender gap in technology in Argentina and Latin America. To achieve this, it is essential to analyze the impact of developments in Artificial Intelligence on the professional insertion of young women in the region.<\/p>\n<blockquote class=\"instagram-media\" style=\"background: #FFF; border: 0; border-radius: 3px; box-shadow: 0 0 1px 0 rgba(0,0,0,0.5),0 1px 10px 0 rgba(0,0,0,0.15); margin: 1px; max-width: 540px; min-width: 326px; padding: 0; width: calc(100% - 2px);\" data-instgrm-captioned=\"\" data-instgrm-permalink=\"https:\/\/www.instagram.com\/reel\/CvhxyfoM6Pt\/?utm_source=ig_embed&amp;utm_campaign=loading\" data-instgrm-version=\"14\">\n<div style=\"padding: 16px;\">\n<p>&nbsp;<\/p>\n<div style=\"display: flex; flex-direction: row; align-items: center;\">\n<div style=\"background-color: #f4f4f4; border-radius: 50%; flex-grow: 0; height: 40px; margin-right: 14px; width: 40px;\"><\/div>\n<div style=\"display: flex; flex-direction: column; flex-grow: 1; justify-content: center;\">\n<div style=\"background-color: #f4f4f4; border-radius: 4px; flex-grow: 0; height: 14px; margin-bottom: 6px; width: 100px;\"><\/div>\n<div style=\"background-color: #f4f4f4; border-radius: 4px; flex-grow: 0; height: 14px; width: 60px;\"><\/div>\n<\/div>\n<\/div>\n<div style=\"padding: 19% 0;\"><\/div>\n<div style=\"display: block; height: 50px; margin: 0 auto 12px; width: 50px;\"><\/div>\n<div style=\"padding-top: 8px;\">\n<div style=\"color: #3897f0; font-family: Arial,sans-serif; font-size: 14px; font-style: normal; font-weight: 550; line-height: 18px;\">View this post on Instagram<\/div>\n<\/div>\n<div style=\"padding: 12.5% 0;\"><\/div>\n<div style=\"display: flex; flex-direction: row; margin-bottom: 14px; align-items: center;\">\n<div>\n<div style=\"background-color: #f4f4f4; border-radius: 50%; height: 12.5px; width: 12.5px; transform: translateX(0px) translateY(7px);\"><\/div>\n<div style=\"background-color: #f4f4f4; height: 12.5px; transform: rotate(-45deg) translateX(3px) translateY(1px); width: 12.5px; flex-grow: 0; margin-right: 14px; margin-left: 2px;\"><\/div>\n<div style=\"background-color: #f4f4f4; border-radius: 50%; height: 12.5px; width: 12.5px; transform: translateX(9px) translateY(-18px);\"><\/div>\n<\/div>\n<div style=\"margin-left: 8px;\">\n<div style=\"background-color: #f4f4f4; border-radius: 50%; flex-grow: 0; height: 20px; width: 20px;\"><\/div>\n<div style=\"width: 0; height: 0; border-top: 2px solid transparent; border-left: 6px solid #f4f4f4; border-bottom: 2px solid transparent; transform: translateX(16px) translateY(-4px) rotate(30deg);\"><\/div>\n<\/div>\n<div style=\"margin-left: auto;\">\n<div style=\"width: 0px; border-top: 8px solid #F4F4F4; border-right: 8px solid transparent; transform: translateY(16px);\"><\/div>\n<div style=\"background-color: #f4f4f4; flex-grow: 0; height: 12px; width: 16px; transform: translateY(-4px);\"><\/div>\n<div style=\"width: 0; height: 0; border-top: 8px solid #F4F4F4; border-left: 8px solid transparent; transform: translateY(-4px) translateX(8px);\"><\/div>\n<\/div>\n<\/div>\n<div style=\"display: flex; flex-direction: column; flex-grow: 1; justify-content: center; margin-bottom: 24px;\">\n<div style=\"background-color: #f4f4f4; border-radius: 4px; flex-grow: 0; height: 14px; margin-bottom: 6px; width: 224px;\"><\/div>\n<div style=\"background-color: #f4f4f4; border-radius: 4px; flex-grow: 0; height: 14px; width: 144px;\"><\/div>\n<\/div>\n<p>&nbsp;<\/p>\n<p style=\"color: #c9c8cd; font-family: Arial,sans-serif; font-size: 14px; line-height: 17px; margin-bottom: 0; margin-top: 8px; overflow: hidden; padding: 8px 0 7px; text-align: center; text-overflow: ellipsis; white-space: nowrap;\"><a style=\"color: #c9c8cd; font-family: Arial,sans-serif; font-size: 14px; font-style: normal; font-weight: normal; line-height: 17px; text-decoration: none;\" href=\"https:\/\/www.instagram.com\/reel\/CvhxyfoM6Pt\/?utm_source=ig_embed&amp;utm_campaign=loading\" target=\"_blank\" rel=\"noopener\">A post shared by Chicas en Tecnolog\u00eda (@chicasentec).<\/a><\/p>\n<\/div>\n<\/blockquote>\n<p><script async src=\"\/\/www.instagram.com\/embed.js\"><\/script><\/p>\n<p>&nbsp;<\/p>","protected":false},"excerpt":{"rendered":"<p>Chicas en Tecnolog\u00eda (CET) organized a day to discuss the challenges and opportunities that Artificial Intelligence represents in the world of work and how it impacts the gender gap in STEM disciplines. The objective was to foster the exchange of ideas and promote concrete actions to ensure that the development of AI [...]<\/p>","protected":false},"author":2,"featured_media":12826,"comment_status":"closed","ping_status":"closed","sticky":false,"template":"","format":"standard","meta":{"footnotes":""},"categories":[13],"tags":[],"class_list":["post-12825","post","type-post","status-publish","format-standard","has-post-thumbnail","hentry","category-blog"],"rttpg_featured_image_url":{"full":["https:\/\/chicasentecnologia.org\/wp-content\/uploads\/2023\/08\/blog2.jpg",700,400,false],"landscape":["https:\/\/chicasentecnologia.org\/wp-content\/uploads\/2023\/08\/blog2.jpg",700,400,false],"portraits":["https:\/\/chicasentecnologia.org\/wp-content\/uploads\/2023\/08\/blog2.jpg",700,400,false],"thumbnail":["https:\/\/chicasentecnologia.org\/wp-content\/uploads\/2023\/08\/blog2-150x150.jpg",150,150,true],"medium":["https:\/\/chicasentecnologia.org\/wp-content\/uploads\/2023\/08\/blog2-300x171.jpg",300,171,true],"large":["https:\/\/chicasentecnologia.org\/wp-content\/uploads\/2023\/08\/blog2.jpg",700,400,false],"1536x1536":["https:\/\/chicasentecnologia.org\/wp-content\/uploads\/2023\/08\/blog2.jpg",700,400,false],"2048x2048":["https:\/\/chicasentecnologia.org\/wp-content\/uploads\/2023\/08\/blog2.jpg",700,400,false],"trp-custom-language-flag":["https:\/\/chicasentecnologia.org\/wp-content\/uploads\/2023\/08\/blog2.jpg",18,10,false]},"rttpg_author":{"display_name":"lucho","author_link":"https:\/\/chicasentecnologia.org\/en\/author\/lucho\/"},"rttpg_comment":0,"rttpg_category":"<a href=\"https:\/\/chicasentecnologia.org\/en\/category\/blog\/\" rel=\"category tag\">blog<\/a>","rttpg_excerpt":"Chicas en Tecnolog\u00eda (CET) organiz\u00f3 una jornada para debatir sobre los desaf\u00edos y oportunidades que la Inteligencia Artificial representa en el mundo del trabajo y c\u00f3mo impacta en la brecha de g\u00e9nero en las disciplinas STEM. El objetivo fue fomentar el intercambio de ideas y promover acciones concretas para que el desarrollo de la IA&hellip;","_links":{"self":[{"href":"https:\/\/chicasentecnologia.org\/en\/wp-json\/wp\/v2\/posts\/12825","targetHints":{"allow":["GET"]}}],"collection":[{"href":"https:\/\/chicasentecnologia.org\/en\/wp-json\/wp\/v2\/posts"}],"about":[{"href":"https:\/\/chicasentecnologia.org\/en\/wp-json\/wp\/v2\/types\/post"}],"author":[{"embeddable":true,"href":"https:\/\/chicasentecnologia.org\/en\/wp-json\/wp\/v2\/users\/2"}],"replies":[{"embeddable":true,"href":"https:\/\/chicasentecnologia.org\/en\/wp-json\/wp\/v2\/comments?post=12825"}],"version-history":[{"count":0,"href":"https:\/\/chicasentecnologia.org\/en\/wp-json\/wp\/v2\/posts\/12825\/revisions"}],"wp:featuredmedia":[{"embeddable":true,"href":"https:\/\/chicasentecnologia.org\/en\/wp-json\/wp\/v2\/media\/12826"}],"wp:attachment":[{"href":"https:\/\/chicasentecnologia.org\/en\/wp-json\/wp\/v2\/media?parent=12825"}],"wp:term":[{"taxonomy":"category","embeddable":true,"href":"https:\/\/chicasentecnologia.org\/en\/wp-json\/wp\/v2\/categories?post=12825"},{"taxonomy":"post_tag","embeddable":true,"href":"https:\/\/chicasentecnologia.org\/en\/wp-json\/wp\/v2\/tags?post=12825"}],"curies":[{"name":"wp","href":"https:\/\/api.w.org\/{rel}","templated":true}]}}